{"id":1645,"date":"2023-05-12T10:00:00","date_gmt":"2023-05-12T10:00:00","guid":{"rendered":"https:\/\/platformspaans.nl\/?p=1645"},"modified":"2023-11-20T11:33:54","modified_gmt":"2023-11-20T11:33:54","slug":"online-dag-voor-spaans-onderwijs-met-specifieke-professionele-doeleinden","status":"publish","type":"post","link":"https:\/\/platformspaans.nl\/?p=1645","title":{"rendered":"Online dag voor Spaans onderwijs met specifieke (professionele) doeleinden"},"content":{"rendered":"\n<p>EnClave en Vienna University of Business and Economics organiseren op vrijdag 19 mei 2023 een online dag voor ge\u00efnteresseerden in Spaans onderwijs met specifieke doeleinden (Espa\u00f1ol con Fines Espec\u00edficos (EFE)). Dat doen ze in samenwerking met ASELE, ASPE en ELEUK. <\/p>\n\n\n\n<p><strong>Programma:<\/strong><\/p>\n\n\n\n<p><strong>09:20 &#8211; 9:30<\/strong>:<strong>&nbsp;<\/strong>Welkomswoord<\/p>\n\n\n\n<p><strong>09:30 &#8211; 10:40<\/strong>:&nbsp;Openingsconferentie<br>Pasado, presente y futuro del Espa\u00f1ol con Fines Espec\u00edficos: el ejemplo del Espa\u00f1ol de los Negocios.<br>Johannes Schnitzer y Eva D\u00edaz Garc\u00eda (Universidad de Ciencias Econ\u00f3micas y Empresariales de Viena)<\/p>\n\n\n\n<p><strong>10:30 &#8211; 11:00<\/strong>:&nbsp;Pauze<\/p>\n\n\n\n<p><strong>11:00 &#8211; 12:10:&nbsp;<\/strong>Workshop 1<br>\u00bfA qui\u00e9n le dejo mis bienes?<br>Rafael Salieto (ESTudiar)<\/p>\n\n\n\n<p><strong>12:10 &#8211; 12:20<\/strong>:&nbsp;Pauze<\/p>\n\n\n\n<p><strong>12:20 &#8211; 13:20<\/strong>:<strong>&nbsp;<\/strong>Presentatie redactie<br>\u00bfC\u00f3mo preparo un curso de fines espec\u00edficos? Analizando materiales y necesidades en EFE.<br>\u00c1lvaro Espada (enClave-ELE)<\/p>\n\n\n\n<p><strong>13:20 &#8211; 14:30<\/strong>:&nbsp;Lunchpauze<\/p>\n\n\n\n<p><strong>14:30 &#8211; 15:40<\/strong>:&nbsp;Workshop 2<br>Vitaminas de inteligencia artificial para el manual de espa\u00f1ol de la salud.<br>Luc\u00eda Gil de Montes Gar\u00edn (Universidad de C\u00f3rdoba)<\/p>\n\n\n\n<p><strong>15:40 &#8211; 15:50<\/strong>:&nbsp;Pauze<\/p>\n\n\n\n<p><strong>15:50 &#8211; 16:30<\/strong>:&nbsp;Beleving<br>El corpus como adrenalina para reflexionar sobre la ense\u00f1anza de EFE.<br>Mar\u00eda de Eguiburu Hevia (Universidad Alfonso X El Sabio)<\/p>\n\n\n\n<p><strong>16:30 &#8211; 16:45<\/strong>:&nbsp;Loting en slot<\/p>\n\n\n\n<p><strong>Inschrijven:<\/strong><\/p>\n\n\n\n<p>Inschrijven kan tot maandag 15 mei 2023, via deze <a rel=\"noreferrer noopener\" href=\"https:\/\/tinyurl.com\/jornadaEFE2023\" data-type=\"URL\" data-id=\"https:\/\/tinyurl.com\/jornadaEFE2023\" target=\"_blank\">link<\/a>. Prijs: \u20ac15\/\u20ac13 voor leden van ASELE, ASPE en ELEUK (mee inbegrepen: certificaat van deelname en lotje voor de loting van de materialen). Plaatsen zijn beperkt!<\/p>\n\n\n\n<p>Voor meer informatie, ga naar <a href=\"https:\/\/enclave-ele.net\/\" target=\"_blank\" rel=\"noreferrer noopener\">https:\/\/enclave-ele.net\/<\/a>. <\/p>\n","protected":false},"excerpt":{"rendered":"<p>EnClave en Vienna University of Business and Economics organiseren op vrijdag 19 mei 2023 een online dag voor ge\u00efnteresseerden in Spaans onderwijs met specifieke doeleinden (Espa\u00f1ol con Fines Espec\u00edficos (EFE)). Dat doen ze in samenwerking met ASELE, ASPE en ELEUK. Programma: 09:20 &#8211; 9:30:&nbsp;Welkomswoord 09:30 &#8211; 10:40:&nbsp;OpeningsconferentiePasado, presente y futuro del Espa\u00f1ol con Fines Espec\u00edficos: [&hellip;]<\/p>\n","protected":false},"author":2,"featured_media":1647,"comment_status":"closed","ping_status":"open","sticky":false,"template":"","format":"standard","meta":{"_jetpack_memberships_contains_paid_content":false,"footnotes":"","jetpack_publicize_message":"","jetpack_publicize_feature_enabled":true,"jetpack_social_post_already_shared":true,"jetpack_social_options":{"image_generator_settings":{"template":"highway","default_image_id":0,"font":"","enabled":false},"version":2}},"categories":[16],"tags":[56,49,48,22,34],"class_list":["post-1645","post","type-post","status-publish","format-standard","has-post-thumbnail","hentry","category-archief","tag-congressenenlezingen","tag-efe","tag-enclave","tag-jornada","tag-onderwijs"],"jetpack_publicize_connections":[],"jetpack_featured_media_url":"https:\/\/platformspaans.nl\/wp-content\/uploads\/2023\/05\/Cartel_EFE-2023-scaled-1.jpg","jetpack_sharing_enabled":true,"publishpress_future_action":{"enabled":false,"date":"2026-05-05 07:26:27","action":"change-status","newStatus":"draft","terms":[],"taxonomy":"category","extraData":[]},"publishpress_future_workflow_manual_trigger":{"enabledWorkflows":[]},"post_mailing_queue_ids":[],"_links":{"self":[{"href":"https:\/\/platformspaans.nl\/index.php?rest_route=\/wp\/v2\/posts\/1645","targetHints":{"allow":["GET"]}}],"collection":[{"href":"https:\/\/platformspaans.nl\/index.php?rest_route=\/wp\/v2\/posts"}],"about":[{"href":"https:\/\/platformspaans.nl\/index.php?rest_route=\/wp\/v2\/types\/post"}],"author":[{"embeddable":true,"href":"https:\/\/platformspaans.nl\/index.php?rest_route=\/wp\/v2\/users\/2"}],"replies":[{"embeddable":true,"href":"https:\/\/platformspaans.nl\/index.php?rest_route=%2Fwp%2Fv2%2Fcomments&post=1645"}],"version-history":[{"count":3,"href":"https:\/\/platformspaans.nl\/index.php?rest_route=\/wp\/v2\/posts\/1645\/revisions"}],"predecessor-version":[{"id":1699,"href":"https:\/\/platformspaans.nl\/index.php?rest_route=\/wp\/v2\/posts\/1645\/revisions\/1699"}],"wp:featuredmedia":[{"embeddable":true,"href":"https:\/\/platformspaans.nl\/index.php?rest_route=\/wp\/v2\/media\/1647"}],"wp:attachment":[{"href":"https:\/\/platformspaans.nl\/index.php?rest_route=%2Fwp%2Fv2%2Fmedia&parent=1645"}],"wp:term":[{"taxonomy":"category","embeddable":true,"href":"https:\/\/platformspaans.nl\/index.php?rest_route=%2Fwp%2Fv2%2Fcategories&post=1645"},{"taxonomy":"post_tag","embeddable":true,"href":"https:\/\/platformspaans.nl\/index.php?rest_route=%2Fwp%2Fv2%2Ftags&post=1645"}],"curies":[{"name":"wp","href":"https:\/\/api.w.org\/{rel}","templated":true}]}}