{"id":1853,"date":"2023-12-12T12:10:16","date_gmt":"2023-12-12T12:10:16","guid":{"rendered":"https:\/\/platformspaans.nl\/?p=1853"},"modified":"2024-10-08T11:22:08","modified_gmt":"2024-10-08T11:22:08","slug":"6de-bijeenkomst-profele-in-nederland","status":"publish","type":"post","link":"https:\/\/platformspaans.nl\/?p=1853","title":{"rendered":"6de Bijeenkomst ProfELE in Nederland"},"content":{"rendered":"\n<p class=\"has-text-align-justify\">Op 20 januari 2024 organiseren Edinumen en Instituto Cervantes Utrecht de zesde bijeenkomst van ProfELE in Nederland. Dat doen ze in samenwerking met Fontys, la Consejer\u00eda de Educaci\u00f3n en Benelux, Fundaci\u00f3n de la Lengua Espa\u00f1ola, Dr. Kinippenberg College en Practicum Educatief Media. <\/p>\n\n\n\n<p><strong>Het programma:<\/strong><\/p>\n\n\n\n<p><strong>9:00 uur |<\/strong> <strong>Accreditaties<\/strong><\/p>\n\n\n\n<p><strong>9:30 uur<\/strong> <strong>|<\/strong> <strong>Welkomswoord en opening<\/strong><\/p>\n\n\n\n<p><strong>9:45 uur<\/strong> <strong>|<\/strong> <strong>Ontwikkeling van kritische competentie in de Spaanse les<\/strong><br><em>\u00c1lvaro Sesmilo (Edinumen y Universidad de Alcal\u00e1)<\/em><\/p>\n\n\n\n<p class=\"has-text-align-justify\">De Duurzame Ontwikkelingsdoelen van de Agenda 2030 zijn een universele oproep tot actie om armoede te be\u00ebindigen, de planeet te beschermen en het leven en de vooruitzichten van mensen over de hele wereld te verbeteren. En wat is een betere manier dan in de Spaanse klas, naast het leren van de grammatica, woordenschat en cultuur van Spaanstalige landen, om het leren in waarden en sociale rechtvaardigheid te ontwikkelen door middel van projecten die ge\u00efntegreerd zijn in het curriculum en die studenten helpen zich te verbinden met wat ze hebben geleerd op een meer sociale en emotionele manier. Deze voorstellen stellen de studenten in staat om hun communicatieve vaardigheden te ontwikkelen en hen tegelijkertijd de vaardigheden te geven om sociale sprekers te zijn en ook hun kritische competentie in het Spaans te ontwikkelen.<\/p>\n\n\n\n<p><strong>11:00 uur<\/strong> <strong>| Regelmaat en de kritische bewustwordingsprojecten van Agenda 2030<\/strong><\/p>\n\n\n\n<p><strong>11:15 uur<\/strong> <strong>| Koffiepauze (aangeboden door Dr. Knippenberg College)<\/strong><\/p>\n\n\n\n<p><strong>11:45 uur|<\/strong> <strong>Het lingu\u00efstische oor verfijnen<\/strong><br><em>Daniel Valle Robles y Paula Costas Alonso (Fontys Lerarenopleiding Tilburg)<\/em><\/p>\n\n\n\n<p class=\"has-text-align-justify\">In deze workshop presenteren we een voorstel voor het selecteren, analyseren en aanpassen van authentieke taalvoorbeelden, zoals advertenties, liedjes, nieuws, om specifieke taalstructuren te verwerven en te hanteren.<\/p>\n\n\n\n<p class=\"has-text-align-justify\">Het proces van deze aanpak zal worden gedemonstreerd aan de hand van een cyclus en in praktijk worden gebracht met een van de taalvoorbeelden die beschikbaar zullen zijn. Aan het einde van de sessie hebben de deelnemers een hulpmiddel om taalconcepten te verwerken, toe te passen, te onderwijzen en erover na te denken, waardoor de ontwikkeling van taalbewustzijn wordt bevorderd.<\/p>\n\n\n\n<p><strong>13:00 uur |<\/strong> <strong>Spaans leren met onze film en literatuur: ik zie en lees in het Spaans<\/strong><br><em>Susana E. P\u00e9rez Molinero (Consejer\u00eda de Educaci\u00f3n en B\u00e9lgica, Pa\u00edses Bajos y Luxemburgo)<\/em><\/p>\n\n\n\n<p><strong>13:15 uur |<\/strong> <strong>Pauze (eten niet inbegrepen)<\/strong><\/p>\n\n\n\n<p><strong>14:30 uur |<\/strong> <strong>Wat kan het Instituto Cervantes het Spaans in de wereld bieden?<\/strong><br><em>Alberto Madrona Fern\u00e1ndez (Instituto Cervantes de Utrecht)<\/em><\/p>\n\n\n\n<p><strong>14:45 uur |<\/strong> <strong>Uitspraak: Strategie\u00ebn om onze leerlingen te helpen<\/strong><br><em>Natalia Mart\u00edn (Fundaci\u00f3n de la Lengua Espa\u00f1ola de Valladolid)<\/em><\/p>\n\n\n\n<p class=\"has-text-align-justify\">We bespreken het belang van een goede uitspraak en welke aspecten het meest &#8220;voordelig&#8221; zijn voor het werken aan de uitspraak van het Spaans met onze studenten. Tegelijkertijd zullen we een aantal hulpmiddelen en trucs verkennen om in de klas te gebruiken en strategie\u00ebn om onze studenten te helpen hun uitspraak te verbeteren en tegelijkertijd hun leerautonomie te stimuleren. We onderwijzen vanuit een communicatieve benadering (=echte communicatie) en veronderstellen het onderwijzen van uitspraak, maar voor velen is het een groot gemis. Laten we dus nadenken over de noodzaak om er specifiek tijd aan te besteden.<\/p>\n\n\n\n<p><strong>16:00 uur |<\/strong> <strong>Ontdek Valladolid en la Fundaci\u00f3n<\/strong> <strong>de la Lengua Espa\u00f1ol<\/strong><\/p>\n\n\n\n<p><strong>16:15 uur |<\/strong> <strong>Loting en slotwoord<\/strong><\/p>\n\n\n\n<p><\/p>\n\n\n\n<p><strong>Aanvullende informatie: <\/strong><\/p>\n\n\n\n<p>De bijeenkomst vindt plaats op zaterdag <strong>20 januari 2024<\/strong> in het Instituto Cervantes Utrecht (Domplein 3, 3512 JC, Utrecht, Nederland). <\/p>\n\n\n\n<p>Na afloop van de bijeenkomst krijgen alle deelnemers een certificaat, net als vele cadeautjes voor hun lessen. <\/p>\n\n\n\n<p>Deelname kost \u20ac10 en inschrijven kan via de <a href=\"https:\/\/eventos.edinumen.es\/eventos\/2764\/\" data-type=\"link\" data-id=\"https:\/\/eventos.edinumen.es\/eventos\/2764\/\" target=\"_blank\" rel=\"noreferrer noopener\">website van Edinumen<\/a>. Daar kunt u tevens ook meer informatie vinden over het evenement en de sprekers. <\/p>\n","protected":false},"excerpt":{"rendered":"<p>Op 20 januari 2024 organiseren Edinumen en Instituto Cervantes Utrecht de zesde bijeenkomst van ProfELE in Nederland. Dat doen ze in samenwerking met Fontys, la Consejer\u00eda de Educaci\u00f3n en Benelux, Fundaci\u00f3n de la Lengua Espa\u00f1ola, Dr. Kinippenberg College en Practicum Educatief Media. <\/p>\n","protected":false},"author":2,"featured_media":1855,"comment_status":"closed","ping_status":"open","sticky":false,"template":"","format":"standard","meta":{"_jetpack_memberships_contains_paid_content":false,"footnotes":"","jetpack_publicize_message":"","jetpack_publicize_feature_enabled":true,"jetpack_social_post_already_shared":true,"jetpack_social_options":{"image_generator_settings":{"template":"highway","default_image_id":0,"font":"","enabled":false},"version":2}},"categories":[16],"tags":[23,42,34],"class_list":["post-1853","post","type-post","status-publish","format-standard","has-post-thumbnail","hentry","category-archief","tag-ele","tag-evenement","tag-onderwijs"],"jetpack_publicize_connections":[],"jetpack_featured_media_url":"https:\/\/platformspaans.nl\/wp-content\/uploads\/2023\/12\/PS-ProfELE-1.png","jetpack_sharing_enabled":true,"publishpress_future_action":{"enabled":false,"date":"2026-05-09 00:20:48","action":"change-status","newStatus":"draft","terms":[],"taxonomy":"category","extraData":[]},"publishpress_future_workflow_manual_trigger":{"enabledWorkflows":[]},"post_mailing_queue_ids":[],"_links":{"self":[{"href":"https:\/\/platformspaans.nl\/index.php?rest_route=\/wp\/v2\/posts\/1853","targetHints":{"allow":["GET"]}}],"collection":[{"href":"https:\/\/platformspaans.nl\/index.php?rest_route=\/wp\/v2\/posts"}],"about":[{"href":"https:\/\/platformspaans.nl\/index.php?rest_route=\/wp\/v2\/types\/post"}],"author":[{"embeddable":true,"href":"https:\/\/platformspaans.nl\/index.php?rest_route=\/wp\/v2\/users\/2"}],"replies":[{"embeddable":true,"href":"https:\/\/platformspaans.nl\/index.php?rest_route=%2Fwp%2Fv2%2Fcomments&post=1853"}],"version-history":[{"count":9,"href":"https:\/\/platformspaans.nl\/index.php?rest_route=\/wp\/v2\/posts\/1853\/revisions"}],"predecessor-version":[{"id":1865,"href":"https:\/\/platformspaans.nl\/index.php?rest_route=\/wp\/v2\/posts\/1853\/revisions\/1865"}],"wp:featuredmedia":[{"embeddable":true,"href":"https:\/\/platformspaans.nl\/index.php?rest_route=\/wp\/v2\/media\/1855"}],"wp:attachment":[{"href":"https:\/\/platformspaans.nl\/index.php?rest_route=%2Fwp%2Fv2%2Fmedia&parent=1853"}],"wp:term":[{"taxonomy":"category","embeddable":true,"href":"https:\/\/platformspaans.nl\/index.php?rest_route=%2Fwp%2Fv2%2Fcategories&post=1853"},{"taxonomy":"post_tag","embeddable":true,"href":"https:\/\/platformspaans.nl\/index.php?rest_route=%2Fwp%2Fv2%2Ftags&post=1853"}],"curies":[{"name":"wp","href":"https:\/\/api.w.org\/{rel}","templated":true}]}}