{"id":1875,"date":"2024-02-15T14:14:57","date_gmt":"2024-02-15T14:14:57","guid":{"rendered":"https:\/\/platformspaans.nl\/?p=1875"},"modified":"2024-10-08T12:17:37","modified_gmt":"2024-10-08T12:17:37","slug":"sta-stil-bij-de-taalkundige-rijkdom-van-onze-wereld-tijdens-internationale-moedertaaldag","status":"publish","type":"post","link":"https:\/\/platformspaans.nl\/?p=1875","title":{"rendered":"Sta stil bij de taalkundige rijkdom van onze wereld tijdens Internationale Moedertaaldag"},"content":{"rendered":"\n<p>In 1999 riep de UNESCO 21 februari uit tot Internationale Moedertaaldag ter nagedachtenis van de noodlottige dag in 1952 toen studenten in Bangladesh in opstand kwamen om hun moedertaal te verdedigen.\u00a0Die dag herinnert ons aan het belang van het beschermen en behouden van taalkundige en culturele diversiteit over de hele wereld. Het is een oproep tot actie voor ons allemaal om de rijkdom die elke taal toevoegt aan ons wereldwijde moza\u00efek te erkennen en te vieren.<\/p>\n\n\n\n<p class=\"has-text-align-justify\">De Spaanstalige gemeenschap in Nederland wil graag deelnemen aan deze herdenking met een gevarieerd programma dat zich richt op een weinig bekend maar relatief veel voorkomend thema onder migranten in meertalige contexten:\u00a0het fenomeen van taalerosie\u00a0(het vergeten of achteruitgaan van de moedertaal als gevolg van gebrek aan gebruik en contact met andere talen).<\/p>\n\n\n\n<p class=\"has-text-align-justify\">Verschillende experts op dit gebied zullen tijdens deze dag vanuit een theoretisch en ook praktisch perspectief praten over hoe dit fenomeen een impact kan hebben op persoonlijk, sociaal en werkniveau, en de belangrijke rol die het speelt bij het overbrengen van de taal op onze kinderen.<\/p>\n\n\n\n<p><strong>PROGRAMMA:<\/strong><\/p>\n\n\n\n<p>14:00 | Welkomswoord van de directeur van het Instituto Cervantes in Nederland, Alberto Gasc\u00f3n Gonzalo en de Consejero de Educaci\u00f3n de Espa\u00f1a en Benelux, Pedro Ruano Mart\u00ednez.<\/p>\n\n\n\n<p>14:15 | Ana Llamazares (Hogeschool Utrecht). Theoretische presentatie.<\/p>\n\n\n\n<p>15:00 | Montserrat Vidal Garc\u00eda (psycholoog gespecialiseerd in taal en tweetaligheid). Workshop: <em>\u00a1Socorro! \u00bfSe me est\u00e1 olvidando hablar mi lengua materna?<\/em>. Het probleem van taalerosie.<\/p>\n\n\n\n<p>16:15 | Pauze<\/p>\n\n\n\n<p>16:30 | Programma voor docenten ALCE in Nederland. Workshop: <em>Recursos y materiales para familias y profesionales. C\u00f3mo trabajar y desarrollar la lengua de herencia<\/em>.<\/p>\n\n\n\n<p><strong>PRAKTISCHE INFO:<\/strong><\/p>\n\n\n\n<p>Wanneer? Zaterdag 2 maart 2024 van 14.00 tot 17.00 uur. <br>Waar? Openbare Bibliotheek Amsterdam (OBA). Oosterdokskade 143, Amsterdam. <br>Toegang: vrije toegang, maar aanmelden verplicht. <br>Meer informatie en registreren kan via <a href=\"https:\/\/cultura.cervantes.es\/utrecht\/nl\/d%c3%ada-internacional-de-la-lengua-materna\/167400?_gl=1*1aacy3y*cent_ga*NTI1ODcyOTYyLjE3MDgwMDQ3NjE.*cent_ga_57JPCLFY9Z*MTcwODAwNDc2MS4xLjAuMTcwODAwNDc2MS42MC4wLjA.*cent_ga_5NVGDGFZ4P*MTcwODAwNDc2MS4xLjAuMTcwODAwNDc2MS42MC4wLjA.*cent_ga_VD16MRRKY3*MTcwODAwNDc2MS4xLjAuMTcwODAwNDc2MS42MC4wLjA.\" data-type=\"link\" data-id=\"https:\/\/cultura.cervantes.es\/utrecht\/nl\/d%c3%ada-internacional-de-la-lengua-materna\/167400?_gl=1*1aacy3y*cent_ga*NTI1ODcyOTYyLjE3MDgwMDQ3NjE.*cent_ga_57JPCLFY9Z*MTcwODAwNDc2MS4xLjAuMTcwODAwNDc2MS42MC4wLjA.*cent_ga_5NVGDGFZ4P*MTcwODAwNDc2MS4xLjAuMTcwODAwNDc2MS42MC4wLjA.*cent_ga_VD16MRRKY3*MTcwODAwNDc2MS4xLjAuMTcwODAwNDc2MS42MC4wLjA.\" target=\"_blank\" rel=\"noreferrer noopener\">cervantes.nl<\/a> of de agenda van OBA (<a href=\"https:\/\/www.oba.nl\/agenda\/oosterdok\/internationalemoederdagtaal.html\" data-type=\"link\" data-id=\"https:\/\/www.oba.nl\/agenda\/oosterdok\/internationalemoederdagtaal.html\" target=\"_blank\" rel=\"noreferrer noopener\">klik hier<\/a>). <\/p>\n","protected":false},"excerpt":{"rendered":"<p>Internationale Moedertaaldag\u00a0is een gelegenheid die ons uitnodigt om stil te staan bij de taalkundige en culturele rijkdom van onze wereld en het belang om die te beschermen. <\/p>\n","protected":false},"author":2,"featured_media":1883,"comment_status":"closed","ping_status":"open","sticky":false,"template":"","format":"standard","meta":{"_jetpack_memberships_contains_paid_content":false,"footnotes":"","jetpack_publicize_message":"","jetpack_publicize_feature_enabled":true,"jetpack_social_post_already_shared":true,"jetpack_social_options":{"image_generator_settings":{"template":"highway","default_image_id":0,"font":"","enabled":false},"version":2}},"categories":[16],"tags":[56,20,27],"class_list":["post-1875","post","type-post","status-publish","format-standard","has-post-thumbnail","hentry","category-archief","tag-congressenenlezingen","tag-instituto-cervantes","tag-oba"],"jetpack_publicize_connections":[],"jetpack_featured_media_url":"https:\/\/platformspaans.nl\/wp-content\/uploads\/2024\/02\/Internationale-Moedertaaldag.png","jetpack_sharing_enabled":true,"publishpress_future_action":{"enabled":false,"date":"2026-05-05 07:25:56","action":"change-status","newStatus":"draft","terms":[],"taxonomy":"category","extraData":[]},"publishpress_future_workflow_manual_trigger":{"enabledWorkflows":[]},"post_mailing_queue_ids":[],"_links":{"self":[{"href":"https:\/\/platformspaans.nl\/index.php?rest_route=\/wp\/v2\/posts\/1875","targetHints":{"allow":["GET"]}}],"collection":[{"href":"https:\/\/platformspaans.nl\/index.php?rest_route=\/wp\/v2\/posts"}],"about":[{"href":"https:\/\/platformspaans.nl\/index.php?rest_route=\/wp\/v2\/types\/post"}],"author":[{"embeddable":true,"href":"https:\/\/platformspaans.nl\/index.php?rest_route=\/wp\/v2\/users\/2"}],"replies":[{"embeddable":true,"href":"https:\/\/platformspaans.nl\/index.php?rest_route=%2Fwp%2Fv2%2Fcomments&post=1875"}],"version-history":[{"count":5,"href":"https:\/\/platformspaans.nl\/index.php?rest_route=\/wp\/v2\/posts\/1875\/revisions"}],"predecessor-version":[{"id":1881,"href":"https:\/\/platformspaans.nl\/index.php?rest_route=\/wp\/v2\/posts\/1875\/revisions\/1881"}],"wp:featuredmedia":[{"embeddable":true,"href":"https:\/\/platformspaans.nl\/index.php?rest_route=\/wp\/v2\/media\/1883"}],"wp:attachment":[{"href":"https:\/\/platformspaans.nl\/index.php?rest_route=%2Fwp%2Fv2%2Fmedia&parent=1875"}],"wp:term":[{"taxonomy":"category","embeddable":true,"href":"https:\/\/platformspaans.nl\/index.php?rest_route=%2Fwp%2Fv2%2Fcategories&post=1875"},{"taxonomy":"post_tag","embeddable":true,"href":"https:\/\/platformspaans.nl\/index.php?rest_route=%2Fwp%2Fv2%2Ftags&post=1875"}],"curies":[{"name":"wp","href":"https:\/\/api.w.org\/{rel}","templated":true}]}}