{"id":1985,"date":"2024-04-12T17:44:48","date_gmt":"2024-04-12T17:44:48","guid":{"rendered":"https:\/\/platformspaans.nl\/?p=1985"},"modified":"2024-10-08T12:23:43","modified_gmt":"2024-10-08T12:23:43","slug":"lezing-de-rol-van-madrid-en-van-tijd-en-licht-in-het-werk-van-antonio-lopez","status":"publish","type":"post","link":"https:\/\/platformspaans.nl\/?p=1985","title":{"rendered":"Lezing: &#8220;De rol van Madrid en van tijd en licht in het werk van Antonio L\u00f3pez&#8221;"},"content":{"rendered":"\n<p class=\"has-text-align-justify\">Wanneer eind jaren vijftig Madrid als thema opduikt in het werk van&nbsp;<strong>Antonio L\u00f3pez<\/strong>, dan is dat vooral op de achtergrond. Maar begin jaren zestig treedt Madrid op de voorgrond, en verdwijnt de mens vrijwel uit zijn steeds groter wordende stadsschilderijen. Tegelijkertijd wordt, dat wat aanvankelijk nog magisch realistisch had geleken, welhaast hyperrealistisch. Van afstand bezien lijken de grote, door de stad Madrid ge\u00efnspireerde schilderijen fotorealistisch; van dichtbij zie je echter dat de penseelstreken zichtbaar zijn, en dat lang niet alles strak en glad is.<\/p>\n\n\n\n<p class=\"has-text-align-justify\">Je kunt op ooghoogte met de schilder meekijken, en zien wat hij heeft waargenomen; en gaan begrijpen waarom tijd, licht en ruimte zo\u2019n belangrijke rol spelen in het werk van Antonio L\u00f3pez. Het licht dat je waarneemt is het licht van \u00e9\u00e9n bepaald moment op de dag (als bij een foto), maar de ruimte lijkt haast magisch, terwijl ook het kleurenpalet en de opbouw van het schilderij de ingreep van een echte schilder verraden.<\/p>\n\n\n\n<p class=\"has-text-align-justify\">Ook op een andere manier worden tijd en licht zichtbaar, namelijk in tal van details die aantonen hoe Madrid de laatste halve eeuw aan het veranderen is (van donker naar licht), en in hoe ook de opvattingen van de schilder veranderen (over het hyperrealisme, over de plaats van de horizon, of het perspectief). <strong>Zo zal in deze lezing een reis door de tijd, door Madrid en door het werk van Antonio L\u00f3pez worden gemaakt.<\/strong><\/p>\n\n\n\n<div class=\"wp-block-group\"><div class=\"wp-block-group__inner-container is-layout-constrained wp-block-group-is-layout-constrained\">\n<p class=\"has-large-font-size\"><strong>Deelnemers<\/strong>:<\/p>\n<\/div><\/div>\n\n\n\n<p class=\"has-normal-font-size\"><strong>Hub Hermans<\/strong>, hispanista profesor.<\/p>\n\n\n\n<p><\/p>\n\n\n\n<div class=\"wp-block-group\"><div class=\"wp-block-group__inner-container is-layout-constrained wp-block-group-is-layout-constrained\"><\/div><\/div>\n\n\n\n<p class=\"has-large-font-size\"><strong>Praktische informatie:<\/strong><\/p>\n\n\n\n<p>Wanneer? Vrijdag 19 april, 19:00 uur.<\/p>\n\n\n\n<p>Waar? Instituto Cervantes. Domplein 3, Utrecht.<\/p>\n\n\n\n<p>Gratis toegang tot volledige bezetting.<\/p>\n\n\n\n<div class=\"wp-block-group\"><div class=\"wp-block-group__inner-container is-layout-constrained wp-block-group-is-layout-constrained\"><\/div><\/div>\n\n\n\n<p>Meer informatie op website van <a href=\"https:\/\/cultura.cervantes.es\/utrecht\/nl\/madrid\/168467\" target=\"_blank\" rel=\"noreferrer noopener\">Instituto Cervantes Utrecht<\/a>.<\/p>\n\n\n\n<p>Bron: Instituto Cervantes<\/p>\n\n\n\n<p><\/p>\n","protected":false},"excerpt":{"rendered":"<p>Wanneer eind jaren vijftig Madrid als thema opduikt in het werk van&nbsp;Antonio L\u00f3pez, dan is dat vooral op de achtergrond. Maar begin jaren zestig treedt Madrid op de voorgrond, en verdwijnt de mens vrijwel uit zijn steeds groter wordende stadsschilderijen. Tegelijkertijd wordt, dat wat aanvankelijk nog magisch realistisch had geleken, welhaast hyperrealistisch. Van afstand bezien [&hellip;]<\/p>\n","protected":false},"author":2,"featured_media":1988,"comment_status":"closed","ping_status":"open","sticky":false,"template":"","format":"standard","meta":{"_jetpack_memberships_contains_paid_content":false,"footnotes":"","jetpack_publicize_message":"","jetpack_publicize_feature_enabled":true,"jetpack_social_post_already_shared":true,"jetpack_social_options":{"image_generator_settings":{"template":"highway","default_image_id":0,"font":"","enabled":false},"version":2}},"categories":[16],"tags":[56,64,20],"class_list":["post-1985","post","type-post","status-publish","format-standard","has-post-thumbnail","hentry","category-archief","tag-congressenenlezingen","tag-cultuur","tag-instituto-cervantes"],"jetpack_publicize_connections":[],"jetpack_featured_media_url":"https:\/\/platformspaans.nl\/wp-content\/uploads\/2024\/04\/Ontwerp-zonder-titel-4.png","jetpack_sharing_enabled":true,"publishpress_future_action":{"enabled":false,"date":"2026-05-05 07:23:35","action":"change-status","newStatus":"draft","terms":[],"taxonomy":"category","extraData":[]},"publishpress_future_workflow_manual_trigger":{"enabledWorkflows":[]},"post_mailing_queue_ids":[],"_links":{"self":[{"href":"https:\/\/platformspaans.nl\/index.php?rest_route=\/wp\/v2\/posts\/1985","targetHints":{"allow":["GET"]}}],"collection":[{"href":"https:\/\/platformspaans.nl\/index.php?rest_route=\/wp\/v2\/posts"}],"about":[{"href":"https:\/\/platformspaans.nl\/index.php?rest_route=\/wp\/v2\/types\/post"}],"author":[{"embeddable":true,"href":"https:\/\/platformspaans.nl\/index.php?rest_route=\/wp\/v2\/users\/2"}],"replies":[{"embeddable":true,"href":"https:\/\/platformspaans.nl\/index.php?rest_route=%2Fwp%2Fv2%2Fcomments&post=1985"}],"version-history":[{"count":13,"href":"https:\/\/platformspaans.nl\/index.php?rest_route=\/wp\/v2\/posts\/1985\/revisions"}],"predecessor-version":[{"id":2001,"href":"https:\/\/platformspaans.nl\/index.php?rest_route=\/wp\/v2\/posts\/1985\/revisions\/2001"}],"wp:featuredmedia":[{"embeddable":true,"href":"https:\/\/platformspaans.nl\/index.php?rest_route=\/wp\/v2\/media\/1988"}],"wp:attachment":[{"href":"https:\/\/platformspaans.nl\/index.php?rest_route=%2Fwp%2Fv2%2Fmedia&parent=1985"}],"wp:term":[{"taxonomy":"category","embeddable":true,"href":"https:\/\/platformspaans.nl\/index.php?rest_route=%2Fwp%2Fv2%2Fcategories&post=1985"},{"taxonomy":"post_tag","embeddable":true,"href":"https:\/\/platformspaans.nl\/index.php?rest_route=%2Fwp%2Fv2%2Ftags&post=1985"}],"curies":[{"name":"wp","href":"https:\/\/api.w.org\/{rel}","templated":true}]}}