{"id":2043,"date":"2024-06-04T06:11:01","date_gmt":"2024-06-04T06:11:01","guid":{"rendered":"https:\/\/platformspaans.nl\/?p=2043"},"modified":"2024-10-08T12:19:21","modified_gmt":"2024-10-08T12:19:21","slug":"werelden-verenigen-iii-ele-hu-conferentie-over-wereldburgerschap","status":"publish","type":"post","link":"https:\/\/platformspaans.nl\/?p=2043","title":{"rendered":"Werelden verenigen: III ELE-HU conferentie over wereldburgerschap"},"content":{"rendered":"\n<p class=\"has-text-align-justify\">Heb je passie voor het onderwijzen van Spaans als vreemde taal? Ben je ge\u00efnteresseerd in wereldburgerschap en hoe je dit in lessen kunt integreren? Dan mag je dit evenement, georganiseerd door de studenten van de lerarenopleiding Spaans Bachelor aan de Hogeschool Utrecht, niet missen.<\/p>\n\n\n\n<p class=\"has-text-align-justify\">Sinds de recente curriculumupdates voor vreemde talen in Nederland ligt de nadruk sterk op wereldburgerschap, waarbij erkend wordt dat dit essentieel is om studenten niet alleen taalvaardig te maken, maar ze ook bewust en actief te maken in een mondiale context. Het integreren van deze elementen in het onderwijs verbetert niet alleen de communicatieve vaardigheden, maar bevordert ook empathie, cultureel begrip en de capaciteit van leerlingen om als wereldburgers op te treden.<\/p>\n\n\n\n<p class=\"has-normal-font-size\"><strong>Titels en thema\u2019s<\/strong><\/p>\n\n\n\n<p class=\"has-text-align-justify\">Vivir so\u00f1ando (thema: migratie); Alma sobre ruedas (thema: culturele diversiteit in Latijns-Amerika); Repoblando la Espa\u00f1a vaciada (thema: ontvolking van dorpen); M\u00e1s all\u00e1 de mi estereotipo (thema: stereotypen); Los colores de la inclusi\u00f3n: las diferencias suman (thema: inclusie); Comunicaci\u00f3n without grenzen (thema: meertaligheid); Culturas cruzadas (thema: cultuurbotsingen).<\/p>\n\n\n\n<p class=\"has-normal-font-size\"><strong>Praktische info<\/strong><\/p>\n\n\n\n<p>Wanneer? Vrijdag 28 juni\u00a0van 14:00 tot 17:00 uur.\u00a0<\/p>\n\n\n\n<p>Waar? Hogeschool Utrecht, Padualaan 97.<\/p>\n\n\n\n<p>Hoe?\u00a0Reserveer je plek v\u00f3\u00f3r vrijdag 14 juni 2024 via\u00a0<a href=\"https:\/\/eur02.safelinks.protection.outlook.com\/?url=https%3A%2F%2Fdocs.google.com%2Fforms%2Fd%2F15aVYugaaPSqYH6nOk3zDyZgvT-1yMusR7E_UTaudu7M%2Fviewform%3Fpli%3D1%26pli%3D1%26edit_requested%3Dtrue&amp;data=05%7C02%7Ckarin.haan%40hu.nl%7Cb36cdcffd4254ff482d508dc7c0f87ac%7C989329099a5a4d18ace47236b5b5e11d%7C0%7C0%7C638521653340322025%7CUnknown%7CTWFpbGZsb3d8eyJWIjoiMC4wLjAwMDAiLCJQIjoiV2luMzIiLCJBTiI6Ik1haWwiLCJXVCI6Mn0%3D%7C0%7C%7C%7C&amp;sdata=vlF0R%2Bcswa%2FDkzR%2BTNonNzI08tqZSY8e7y6pTVWvENY%3D&amp;reserved=0\" data-type=\"link\" data-id=\"https:\/\/eur02.safelinks.protection.outlook.com\/?url=https%3A%2F%2Fdocs.google.com%2Fforms%2Fd%2F15aVYugaaPSqYH6nOk3zDyZgvT-1yMusR7E_UTaudu7M%2Fviewform%3Fpli%3D1%26pli%3D1%26edit_requested%3Dtrue&amp;data=05%7C02%7Ckarin.haan%40hu.nl%7Cb36cdcffd4254ff482d508dc7c0f87ac%7C989329099a5a4d18ace47236b5b5e11d%7C0%7C0%7C638521653340322025%7CUnknown%7CTWFpbGZsb3d8eyJWIjoiMC4wLjAwMDAiLCJQIjoiV2luMzIiLCJBTiI6Ik1haWwiLCJXVCI6Mn0%3D%7C0%7C%7C%7C&amp;sdata=vlF0R%2Bcswa%2FDkzR%2BTNonNzI08tqZSY8e7y6pTVWvENY%3D&amp;reserved=0\" target=\"_blank\" rel=\"noreferrer noopener\">deze link<\/a>.\u00a0<\/p>\n\n\n\n<p><\/p>\n\n\n\n<p><\/p>\n","protected":false},"excerpt":{"rendered":"<p>Heb je passie voor het onderwijzen van Spaans als vreemde taal? Ben je ge\u00efnteresseerd in wereldburgerschap en hoe je dit in lessen kunt integreren? Dan mag je dit evenement, georganiseerd door de studenten van de lerarenopleiding Spaans Bachelor aan de Hogeschool Utrecht, niet missen. Sinds de recente curriculumupdates voor vreemde talen in Nederland ligt de [&hellip;]<\/p>\n","protected":false},"author":2,"featured_media":2051,"comment_status":"open","ping_status":"open","sticky":false,"template":"","format":"standard","meta":{"_jetpack_memberships_contains_paid_content":false,"footnotes":"","jetpack_publicize_message":"","jetpack_publicize_feature_enabled":true,"jetpack_social_post_already_shared":true,"jetpack_social_options":{"image_generator_settings":{"template":"highway","default_image_id":0,"font":"","enabled":false},"version":2}},"categories":[16],"tags":[64,23,22,37,34,30],"class_list":["post-2043","post","type-post","status-publish","format-standard","has-post-thumbnail","hentry","category-archief","tag-cultuur","tag-ele","tag-jornada","tag-levende-talen-spaans","tag-onderwijs","tag-spaans"],"jetpack_publicize_connections":[],"jetpack_featured_media_url":"https:\/\/platformspaans.nl\/wp-content\/uploads\/2024\/06\/Een-titel-toevoegen-1.png","jetpack_sharing_enabled":true,"publishpress_future_action":{"enabled":false,"date":"2026-05-05 07:27:45","action":"change-status","newStatus":"draft","terms":[],"taxonomy":"category","extraData":[]},"publishpress_future_workflow_manual_trigger":{"enabledWorkflows":[]},"post_mailing_queue_ids":[],"_links":{"self":[{"href":"https:\/\/platformspaans.nl\/index.php?rest_route=\/wp\/v2\/posts\/2043","targetHints":{"allow":["GET"]}}],"collection":[{"href":"https:\/\/platformspaans.nl\/index.php?rest_route=\/wp\/v2\/posts"}],"about":[{"href":"https:\/\/platformspaans.nl\/index.php?rest_route=\/wp\/v2\/types\/post"}],"author":[{"embeddable":true,"href":"https:\/\/platformspaans.nl\/index.php?rest_route=\/wp\/v2\/users\/2"}],"replies":[{"embeddable":true,"href":"https:\/\/platformspaans.nl\/index.php?rest_route=%2Fwp%2Fv2%2Fcomments&post=2043"}],"version-history":[{"count":5,"href":"https:\/\/platformspaans.nl\/index.php?rest_route=\/wp\/v2\/posts\/2043\/revisions"}],"predecessor-version":[{"id":2048,"href":"https:\/\/platformspaans.nl\/index.php?rest_route=\/wp\/v2\/posts\/2043\/revisions\/2048"}],"wp:featuredmedia":[{"embeddable":true,"href":"https:\/\/platformspaans.nl\/index.php?rest_route=\/wp\/v2\/media\/2051"}],"wp:attachment":[{"href":"https:\/\/platformspaans.nl\/index.php?rest_route=%2Fwp%2Fv2%2Fmedia&parent=2043"}],"wp:term":[{"taxonomy":"category","embeddable":true,"href":"https:\/\/platformspaans.nl\/index.php?rest_route=%2Fwp%2Fv2%2Fcategories&post=2043"},{"taxonomy":"post_tag","embeddable":true,"href":"https:\/\/platformspaans.nl\/index.php?rest_route=%2Fwp%2Fv2%2Ftags&post=2043"}],"curies":[{"name":"wp","href":"https:\/\/api.w.org\/{rel}","templated":true}]}}