{"id":2150,"date":"2024-08-22T14:07:45","date_gmt":"2024-08-22T14:07:45","guid":{"rendered":"https:\/\/platformspaans.nl\/?p=2150"},"modified":"2024-12-19T10:26:38","modified_gmt":"2024-12-19T10:26:38","slug":"conferentie-platform-spaans-2","status":"publish","type":"post","link":"https:\/\/platformspaans.nl\/?p=2150","title":{"rendered":"Conferentie Platform Spaans"},"content":{"rendered":"\n<p>Het Spaans verovert de wereld en ook in Nederland groeit de interesse! Biedt jouw school al Spaans aan? Wat kunnen anderen leren van jullie ervaringen en welke uitdagingen komen jullie tegen? Overweegt jouw school binnenkort Spaans te gaan aanbieden?<\/p>\n\n\n\n<p>Op <strong>vrijdag 13 september<\/strong> organiseert Platform Spaans een inspirerende bijeenkomst waar jij bij kan zijn. De ontmoeting vindt plaats in het OBA Oosterdok Theater, te Amsterdam.<\/p>\n\n\n\n<p>Laten we samen successen vieren en oplossingen vinden voor deze uitdagingen!<\/p>\n\n\n\n<p><strong>PROGRAMMA:<\/strong><\/p>\n\n\n\n<p>13:00 &#8211; Welkom<br>13:15 &#8211; Conferentie: \u2018De economische waarde van het Spaans in de wereld\u2019 door dr. David Fern\u00e1ndez V\u00edtores, Universiteit van Alcal\u00e1 (Spanje)<br>14:00 &#8211; Discussie en vragenronde<br>14:15 &#8211; Koffiepauze<br>15:00- Presentatie: Vernieuwingen in het moderne vreemdetalenonderwijs in Nederland, met bijdragen van:<\/p>\n\n\n\n<ul class=\"wp-block-list\">\n<li>Ministerie van Onderwijs<\/li>\n\n\n\n<li>SLO<\/li>\n\n\n\n<li>Nuffic<\/li>\n<\/ul>\n\n\n\n<p>15:30 &#8211; Rondetafelgesprek: \u2018Successen en uitdagingen in het onderwijs van het Spaans in Nederland\u2019 met schooldirecteuren uit het voortgezet onderwijs<br>16:30 &#8211; Vragenronde<br>17:00 \u2013 Afsluiting<\/p>\n\n\n\n<p>Doe mee en draag bij aan het succes van het Spaans in Nederland! Bevestig uw aanwezigheid via het aanmeldingsformulier (<a href=\"https:\/\/forms.gle\/TyQDbzJRxvYqp1QV8\" data-type=\"link\" data-id=\"https:\/\/forms.gle\/TyQDbzJRxvYqp1QV8\" target=\"_blank\" rel=\"noreferrer noopener\">klik hier<\/a>). <br><br>We kijken ernaar uit je te zien op 13 september. <em><strong>\u00a1Hasta pronto!<\/strong><\/em><\/p>\n","protected":false},"excerpt":{"rendered":"<p>Het Spaans verovert de wereld en ook in Nederland groeit de interesse! Biedt jouw school al Spaans aan? Wat kunnen anderen leren van jullie ervaringen en welke uitdagingen komen jullie tegen? Overweegt jouw school binnenkort Spaans te gaan aanbieden? Op vrijdag 13 september organiseert Platform Spaans een inspirerende bijeenkomst waar jij bij kan zijn. De [&hellip;]<\/p>\n","protected":false},"author":2,"featured_media":2096,"comment_status":"closed","ping_status":"open","sticky":false,"template":"","format":"standard","meta":{"_jetpack_memberships_contains_paid_content":false,"footnotes":"","jetpack_publicize_message":"","jetpack_publicize_feature_enabled":true,"jetpack_social_post_already_shared":true,"jetpack_social_options":{"image_generator_settings":{"template":"highway","default_image_id":0,"font":"","enabled":false},"version":2}},"categories":[16],"tags":[56],"class_list":["post-2150","post","type-post","status-publish","format-standard","has-post-thumbnail","hentry","category-archief","tag-congressenenlezingen"],"jetpack_publicize_connections":[],"jetpack_featured_media_url":"https:\/\/platformspaans.nl\/wp-content\/uploads\/2024\/06\/Conferentie-Platform-Spaans-1.png","jetpack_sharing_enabled":true,"publishpress_future_action":{"enabled":false,"date":"2026-05-05 07:28:32","action":"change-status","newStatus":"draft","terms":[],"taxonomy":"category","extraData":[]},"publishpress_future_workflow_manual_trigger":{"enabledWorkflows":[]},"post_mailing_queue_ids":[],"_links":{"self":[{"href":"https:\/\/platformspaans.nl\/index.php?rest_route=\/wp\/v2\/posts\/2150","targetHints":{"allow":["GET"]}}],"collection":[{"href":"https:\/\/platformspaans.nl\/index.php?rest_route=\/wp\/v2\/posts"}],"about":[{"href":"https:\/\/platformspaans.nl\/index.php?rest_route=\/wp\/v2\/types\/post"}],"author":[{"embeddable":true,"href":"https:\/\/platformspaans.nl\/index.php?rest_route=\/wp\/v2\/users\/2"}],"replies":[{"embeddable":true,"href":"https:\/\/platformspaans.nl\/index.php?rest_route=%2Fwp%2Fv2%2Fcomments&post=2150"}],"version-history":[{"count":1,"href":"https:\/\/platformspaans.nl\/index.php?rest_route=\/wp\/v2\/posts\/2150\/revisions"}],"predecessor-version":[{"id":2151,"href":"https:\/\/platformspaans.nl\/index.php?rest_route=\/wp\/v2\/posts\/2150\/revisions\/2151"}],"wp:featuredmedia":[{"embeddable":true,"href":"https:\/\/platformspaans.nl\/index.php?rest_route=\/wp\/v2\/media\/2096"}],"wp:attachment":[{"href":"https:\/\/platformspaans.nl\/index.php?rest_route=%2Fwp%2Fv2%2Fmedia&parent=2150"}],"wp:term":[{"taxonomy":"category","embeddable":true,"href":"https:\/\/platformspaans.nl\/index.php?rest_route=%2Fwp%2Fv2%2Fcategories&post=2150"},{"taxonomy":"post_tag","embeddable":true,"href":"https:\/\/platformspaans.nl\/index.php?rest_route=%2Fwp%2Fv2%2Ftags&post=2150"}],"curies":[{"name":"wp","href":"https:\/\/api.w.org\/{rel}","templated":true}]}}