{"id":2166,"date":"2024-09-27T11:00:41","date_gmt":"2024-09-27T11:00:41","guid":{"rendered":"https:\/\/platformspaans.nl\/?p=2166"},"modified":"2024-12-19T10:27:21","modified_gmt":"2024-12-19T10:27:21","slug":"boekpresentatie-ofelia-van-blanca-cano","status":"publish","type":"post","link":"https:\/\/platformspaans.nl\/?p=2166","title":{"rendered":"Boekpresentatie &#8220;Ofelia&#8221; van Blanca Cano"},"content":{"rendered":"\n<p>Vandaag vindt de eerste bijeenkomst van de nieuwe activiteitenreeks van de bibliotheek van Instituto Cervantes plaats: Eerste Pagina&#8217;s. Een reeks bijeenkomsten die beginnende schrijvers de kans geeft om hun werk voor te stellen en hun ervaringen te delen. Voor de lezers is een unieke kans om met de auteurs in gesprek te gaan en uit eerste hand horen hoe een boek tot stand komt.\u00a0<\/p>\n\n\n\n<p>De eerste bijeenkomst staat in het teken van\u00a0<em>Ofelia\u00a0<\/em>van de Mexicaanse schrijfster Blanca Cano. Het boek vertelt het verhaal van een jonge Mexicaanse vrouw, Ofelia, dat ze verweeft met de verhalen van andere personage\u2019s. &#8220;Een roman die spreekt over de moed en veerkracht van een ras van vrouwen die, waar ze ook besluiten zich te vestigen, zullen floreren, ongeacht wat ze tegen zich krijgen, hoe moeilijk de taak ook lijkt&#8221;.\u00a0<\/p>\n\n\n\n<p><strong>Blanca Cano<\/strong>&nbsp;is docent en schrijfster. Ze studeerde Hispanische Letteren aan de Universidad Nacional Aut\u00f3noma de M\u00e9xico (UNAM) y ze behaalde een master in Hispanische filologie en een educatieve master aan de Universiteit van Amsterdam. Ze is docent aan de Hogeschool van Rotterdam. Samen met Martha Fa\u00eb heeft ze uitgegeven bij Literatura Juvenil Contempor\u00e1nea en Espa\u00f1a, ook heeft ze verschillende korte verhalen in Nederland uitgebracht. Ofelia is haar eerste roman en is uit sinds maart van dit jaar.<\/p>\n\n\n\n<p><strong>Praktische info<\/strong><\/p>\n\n\n\n<p>Wanneer: Vrijdag 27\/09\/2024 om 18.00 uur<br>Waar: Instituto Cervantes, Domplein 3 3512JC Utrecht<br>Vrije toegang mits reservering: <a href=\"mailto:bibutr@cervantes.es\">bibutr@cervantes.es<\/a><\/p>\n\n\n\n<p><\/p>\n","protected":false},"excerpt":{"rendered":"<p>Vandaag vindt de eerste bijeenkomst van de nieuwe activiteitenreeks van de bibliotheek van Instituto Cervantes plaats: Eerste Pagina&#8217;s. Een reeks bijeenkomsten die beginnende schrijvers de kans geeft om hun werk voor te stellen en hun ervaringen te delen. Voor de lezers is een unieke kans om met de auteurs in gesprek te gaan en uit [&hellip;]<\/p>\n","protected":false},"author":2,"featured_media":2168,"comment_status":"closed","ping_status":"open","sticky":false,"template":"","format":"standard","meta":{"_jetpack_memberships_contains_paid_content":false,"footnotes":"","jetpack_publicize_message":"","jetpack_publicize_feature_enabled":true,"jetpack_social_post_already_shared":true,"jetpack_social_options":{"image_generator_settings":{"template":"highway","default_image_id":0,"font":"","enabled":false},"version":2}},"categories":[16],"tags":[64,20,83],"class_list":["post-2166","post","type-post","status-publish","format-standard","has-post-thumbnail","hentry","category-archief","tag-cultuur","tag-instituto-cervantes","tag-literatuur"],"jetpack_publicize_connections":[],"jetpack_featured_media_url":"https:\/\/platformspaans.nl\/wp-content\/uploads\/2024\/09\/ofelia_PS.png","jetpack_sharing_enabled":true,"publishpress_future_action":{"enabled":false,"date":"2026-05-05 07:27:45","action":"change-status","newStatus":"draft","terms":[],"taxonomy":"category","extraData":[]},"publishpress_future_workflow_manual_trigger":{"enabledWorkflows":[]},"post_mailing_queue_ids":[],"_links":{"self":[{"href":"https:\/\/platformspaans.nl\/index.php?rest_route=\/wp\/v2\/posts\/2166","targetHints":{"allow":["GET"]}}],"collection":[{"href":"https:\/\/platformspaans.nl\/index.php?rest_route=\/wp\/v2\/posts"}],"about":[{"href":"https:\/\/platformspaans.nl\/index.php?rest_route=\/wp\/v2\/types\/post"}],"author":[{"embeddable":true,"href":"https:\/\/platformspaans.nl\/index.php?rest_route=\/wp\/v2\/users\/2"}],"replies":[{"embeddable":true,"href":"https:\/\/platformspaans.nl\/index.php?rest_route=%2Fwp%2Fv2%2Fcomments&post=2166"}],"version-history":[{"count":2,"href":"https:\/\/platformspaans.nl\/index.php?rest_route=\/wp\/v2\/posts\/2166\/revisions"}],"predecessor-version":[{"id":2169,"href":"https:\/\/platformspaans.nl\/index.php?rest_route=\/wp\/v2\/posts\/2166\/revisions\/2169"}],"wp:featuredmedia":[{"embeddable":true,"href":"https:\/\/platformspaans.nl\/index.php?rest_route=\/wp\/v2\/media\/2168"}],"wp:attachment":[{"href":"https:\/\/platformspaans.nl\/index.php?rest_route=%2Fwp%2Fv2%2Fmedia&parent=2166"}],"wp:term":[{"taxonomy":"category","embeddable":true,"href":"https:\/\/platformspaans.nl\/index.php?rest_route=%2Fwp%2Fv2%2Fcategories&post=2166"},{"taxonomy":"post_tag","embeddable":true,"href":"https:\/\/platformspaans.nl\/index.php?rest_route=%2Fwp%2Fv2%2Ftags&post=2166"}],"curies":[{"name":"wp","href":"https:\/\/api.w.org\/{rel}","templated":true}]}}