{"id":2194,"date":"2024-10-22T11:37:24","date_gmt":"2024-10-22T11:37:24","guid":{"rendered":"https:\/\/platformspaans.nl\/?p=2194"},"modified":"2024-12-19T10:28:07","modified_gmt":"2024-12-19T10:28:07","slug":"jornada-de-formacion-profesores-ele-8-november","status":"publish","type":"post","link":"https:\/\/platformspaans.nl\/?p=2194","title":{"rendered":"Jornada de formaci\u00f3n profesores ELE &#8211; 8 november"},"content":{"rendered":"\n<p>Op vrijdag 8 november van 16.00-19.00 uur organiseert het Instituto Cervantes te Utrecht samen met het Spaans Ministerie van Onderwijs in Nederland en met medewerking van AIL Espa\u00f1ol een trainingdag voor docenten Spaans als vreemde taal (ELE). <\/p>\n\n\n\n<p><strong>Programma<\/strong><\/p>\n\n\n\n<p><strong>16:00-16:15<\/strong> |Openingstoespraken door de academisch co\u00f6rdinator van het Instituto Cervantes in Nederland, Alberto Madrona, en de Technisch Adviseur voor Onderwijs, Susana P\u00e9rez.<br><br><strong>16:15-17:15<\/strong> | Workshop 1: Las tecnolog\u00edas y el uso de las redes sociales en la ense\u00f1anza de ELE  (Ana Mu\u00f1oz)<\/p>\n\n\n\n<p>In de workshop leer je hoe je digitale hulpmiddelen en sociale netwerken kunt integreren in ELE-lessen. We presenteren een verscheidenheid aan digitale tools en sociale netwerken: van WhatsApp om de communicatie tussen studenten en docenten te vergemakkelijken, tot YouTube om toegang te krijgen tot audiovisuele bronnen, tot Jeopardy om interactieve en motiverende spellen te maken, en zelfs Instagram om creativiteit en culturele uitwisseling te bevorderen.<\/p>\n\n\n\n<p><strong>17:15-17:30<\/strong> | Pauze<\/p>\n\n\n\n<p><strong>17:30-18:30<\/strong> | Workshop 2: C\u00f3mo crear entornos favorables de aprendizaje para la ense\u00f1anza de ELE (Ana Mu\u00f1oz)<\/p>\n\n\n\n<p>Het cre\u00ebren van een gunstige omgeving in de ELE-klas is essentieel om het leren te vergemakkelijken en de motivatie van leerlingen te bevorderen. Van de verschillende factoren waaruit een ondersteunende omgeving bestaat, is de rol van de leerkracht de belangrijkste bij het cre\u00ebren en onderhouden ervan. Het doel van de leerkracht is om een omgeving te cre\u00ebren die kenmerkend inclusief is, waar alle leerlingen zich gewaardeerd voelen en zich veilig voelen om zich uit te drukken tijdens het onderwijsleerproces.<\/p>\n\n\n\n<p><strong>18:30-18:45<\/strong> | Presentatie AIL Espa\u00f1ol<\/p>\n\n\n\n<p><strong>18:45-19:00<\/strong> | Trekking en afsluiter<\/p>\n\n\n\n<p>Aanmelden is verplicht en kan gratis via <a href=\"https:\/\/forms.office.com\/Pages\/ResponsePage.aspx?id=TLhYXdLQW0S_GOrJJG9C2iEXuaVhX75OjVefRIAX78BUNE04VUlEVkhCWVpJVlUxMEtJMkhFTDVMRi4u\" data-type=\"link\" data-id=\"https:\/\/forms.office.com\/Pages\/ResponsePage.aspx?id=TLhYXdLQW0S_GOrJJG9C2iEXuaVhX75OjVefRIAX78BUNE04VUlEVkhCWVpJVlUxMEtJMkhFTDVMRi4u\" target=\"_blank\" rel=\"noreferrer noopener\">dit formulier<\/a>. Meer informatie op cervantes.nl <\/p>\n\n\n\n<p><\/p>\n","protected":false},"excerpt":{"rendered":"<p>Op vrijdag 8 november van 16.00-19.00 uur organiseert het Instituto Cervantes te Utrecht samen met het Spaans Ministerie van Onderwijs in Nederland en met medewerking van AIL Espa\u00f1ol een trainingdag voor docenten Spaans als vreemde taal (ELE). Programma 16:00-16:15 |Openingstoespraken door de academisch co\u00f6rdinator van het Instituto Cervantes in Nederland, Alberto Madrona, en de Technisch [&hellip;]<\/p>\n","protected":false},"author":2,"featured_media":2197,"comment_status":"closed","ping_status":"open","sticky":false,"template":"","format":"standard","meta":{"_jetpack_memberships_contains_paid_content":false,"footnotes":"","jetpack_publicize_message":"","jetpack_publicize_feature_enabled":true,"jetpack_social_post_already_shared":true,"jetpack_social_options":{"image_generator_settings":{"template":"highway","default_image_id":0,"font":"","enabled":false},"version":2}},"categories":[16,58],"tags":[23,20,34],"class_list":["post-2194","post","type-post","status-publish","format-standard","has-post-thumbnail","hentry","category-archief","category-onderwijs","tag-ele","tag-instituto-cervantes","tag-onderwijs"],"jetpack_publicize_connections":[],"jetpack_featured_media_url":"https:\/\/platformspaans.nl\/wp-content\/uploads\/2024\/10\/jornada_ELE_PS.png","jetpack_sharing_enabled":true,"publishpress_future_action":{"enabled":false,"date":"2026-05-05 07:26:29","action":"change-status","newStatus":"draft","terms":[],"taxonomy":"category","extraData":[]},"publishpress_future_workflow_manual_trigger":{"enabledWorkflows":[]},"post_mailing_queue_ids":[],"_links":{"self":[{"href":"https:\/\/platformspaans.nl\/index.php?rest_route=\/wp\/v2\/posts\/2194","targetHints":{"allow":["GET"]}}],"collection":[{"href":"https:\/\/platformspaans.nl\/index.php?rest_route=\/wp\/v2\/posts"}],"about":[{"href":"https:\/\/platformspaans.nl\/index.php?rest_route=\/wp\/v2\/types\/post"}],"author":[{"embeddable":true,"href":"https:\/\/platformspaans.nl\/index.php?rest_route=\/wp\/v2\/users\/2"}],"replies":[{"embeddable":true,"href":"https:\/\/platformspaans.nl\/index.php?rest_route=%2Fwp%2Fv2%2Fcomments&post=2194"}],"version-history":[{"count":3,"href":"https:\/\/platformspaans.nl\/index.php?rest_route=\/wp\/v2\/posts\/2194\/revisions"}],"predecessor-version":[{"id":2526,"href":"https:\/\/platformspaans.nl\/index.php?rest_route=\/wp\/v2\/posts\/2194\/revisions\/2526"}],"wp:featuredmedia":[{"embeddable":true,"href":"https:\/\/platformspaans.nl\/index.php?rest_route=\/wp\/v2\/media\/2197"}],"wp:attachment":[{"href":"https:\/\/platformspaans.nl\/index.php?rest_route=%2Fwp%2Fv2%2Fmedia&parent=2194"}],"wp:term":[{"taxonomy":"category","embeddable":true,"href":"https:\/\/platformspaans.nl\/index.php?rest_route=%2Fwp%2Fv2%2Fcategories&post=2194"},{"taxonomy":"post_tag","embeddable":true,"href":"https:\/\/platformspaans.nl\/index.php?rest_route=%2Fwp%2Fv2%2Ftags&post=2194"}],"curies":[{"name":"wp","href":"https:\/\/api.w.org\/{rel}","templated":true}]}}