{"id":2290,"date":"2025-01-31T10:00:00","date_gmt":"2025-01-31T10:00:00","guid":{"rendered":"https:\/\/platformspaans.nl\/?p=2290"},"modified":"2025-01-29T09:32:13","modified_gmt":"2025-01-29T09:32:13","slug":"concert-door-het-spaanse-pianolandschap","status":"publish","type":"post","link":"https:\/\/platformspaans.nl\/?p=2290","title":{"rendered":"Concert: Door het Spaanse pianolandschap"},"content":{"rendered":"\n<p>Het Instituto Cervantes te Utrecht organiseert in samenwerking met het Centro de Estudios Pian\u00edsticos een concert waarin de Spaanse pianist Dar\u00eda Meta neemt u mee op reis door een programma met werken van Spaanse componisten en door Spanje ge\u00efnspireerde composities, van de achttiende eeuw tot heden. U hoort muziek gemaakt in verschillende periodes en van diverse karakters, in verschillende regio&#8217;s van Spanje. <\/p>\n\n\n\n<p>Het concert vindt plaats op donderdag 6 februari van 19.00 tot 20.30 uur in het Instituto Cervantes (Domplein 3, 3512JC).  <\/p>\n\n\n\n<p>Meer info en tickets via <a href=\"https:\/\/www.klassiekemuziek.nl\/e\/19102\/dario-meta-door-het-spaanse-pianolandschap-utrecht\" data-type=\"link\" data-id=\"https:\/\/www.klassiekemuziek.nl\/e\/19102\/dario-meta-door-het-spaanse-pianolandschap-utrecht\">klassiekemuziek.nl <\/a><\/p>\n\n\n\n<p><\/p>\n","protected":false},"excerpt":{"rendered":"<p>Het Instituto Cervantes te Utrecht organiseert in samenwerking met het Centro de Estudios Pian\u00edsticos een concert waarin de Spaanse pianist Dar\u00eda Meta neemt u mee op reis door een programma met werken van Spaanse componisten en door Spanje ge\u00efnspireerde composities, van de achttiende eeuw tot heden. U hoort muziek gemaakt in verschillende periodes en van [&hellip;]<\/p>\n","protected":false},"author":2,"featured_media":2292,"comment_status":"closed","ping_status":"open","sticky":false,"template":"","format":"standard","meta":{"_jetpack_memberships_contains_paid_content":false,"footnotes":"","jetpack_publicize_message":"","jetpack_publicize_feature_enabled":true,"jetpack_social_post_already_shared":true,"jetpack_social_options":{"image_generator_settings":{"template":"highway","default_image_id":0,"font":"","enabled":false},"version":2}},"categories":[14],"tags":[75,20,78,30],"class_list":["post-2290","post","type-post","status-publish","format-standard","has-post-thumbnail","hentry","category-evenementen","tag-concert","tag-instituto-cervantes","tag-muziek","tag-spaans"],"jetpack_publicize_connections":[],"jetpack_featured_media_url":"https:\/\/platformspaans.nl\/wp-content\/uploads\/2025\/01\/door_het_spaanse_pianolandschap_PS.jpg","jetpack_sharing_enabled":true,"publishpress_future_action":{"enabled":false,"date":"2026-05-05 07:25:32","action":"change-status","newStatus":"draft","terms":[],"taxonomy":"category","extraData":[]},"publishpress_future_workflow_manual_trigger":{"enabledWorkflows":[]},"post_mailing_queue_ids":[],"_links":{"self":[{"href":"https:\/\/platformspaans.nl\/index.php?rest_route=\/wp\/v2\/posts\/2290","targetHints":{"allow":["GET"]}}],"collection":[{"href":"https:\/\/platformspaans.nl\/index.php?rest_route=\/wp\/v2\/posts"}],"about":[{"href":"https:\/\/platformspaans.nl\/index.php?rest_route=\/wp\/v2\/types\/post"}],"author":[{"embeddable":true,"href":"https:\/\/platformspaans.nl\/index.php?rest_route=\/wp\/v2\/users\/2"}],"replies":[{"embeddable":true,"href":"https:\/\/platformspaans.nl\/index.php?rest_route=%2Fwp%2Fv2%2Fcomments&post=2290"}],"version-history":[{"count":2,"href":"https:\/\/platformspaans.nl\/index.php?rest_route=\/wp\/v2\/posts\/2290\/revisions"}],"predecessor-version":[{"id":2294,"href":"https:\/\/platformspaans.nl\/index.php?rest_route=\/wp\/v2\/posts\/2290\/revisions\/2294"}],"wp:featuredmedia":[{"embeddable":true,"href":"https:\/\/platformspaans.nl\/index.php?rest_route=\/wp\/v2\/media\/2292"}],"wp:attachment":[{"href":"https:\/\/platformspaans.nl\/index.php?rest_route=%2Fwp%2Fv2%2Fmedia&parent=2290"}],"wp:term":[{"taxonomy":"category","embeddable":true,"href":"https:\/\/platformspaans.nl\/index.php?rest_route=%2Fwp%2Fv2%2Fcategories&post=2290"},{"taxonomy":"post_tag","embeddable":true,"href":"https:\/\/platformspaans.nl\/index.php?rest_route=%2Fwp%2Fv2%2Ftags&post=2290"}],"curies":[{"name":"wp","href":"https:\/\/api.w.org\/{rel}","templated":true}]}}