{"id":2374,"date":"2025-03-14T10:00:00","date_gmt":"2025-03-14T10:00:00","guid":{"rendered":"https:\/\/platformspaans.nl\/?p=2374"},"modified":"2025-03-12T14:20:55","modified_gmt":"2025-03-12T14:20:55","slug":"jaarlijkse-trainingsdag-vdsn","status":"publish","type":"post","link":"https:\/\/platformspaans.nl\/?p=2374","title":{"rendered":"Jaarlijkse trainingsdag VDSN"},"content":{"rendered":"\n<p>Dit jaar organiseert VDSN haar jaarlijkse trainingsdag op zaterdag 29 maart in samenwerking met FEDELE (federaci\u00f3n Espa\u00f1ola de Escuelas de Espa\u00f1ol como Lengua Extranjera), die twee plenaire seminaries zullen geven en meer zullen vertellen over hun trainingen over Spaans als vreemde taal onderwijzen. <\/p>\n\n\n\n<p>Dit jaar zullen er veel prijzen voor studiereizen worden weggegeven. <\/p>\n\n\n\n<p>Inschrijven kan tot en met 19 maart via <a href=\"https:\/\/questionpro.eu\/a\/TakeSurvey?tt=nQhWoJ\/gEckoi\/duY3FscQ%3D%3D\" data-type=\"link\" data-id=\"https:\/\/questionpro.eu\/a\/TakeSurvey?tt=nQhWoJ\/gEckoi\/duY3FscQ%3D%3D\">dit formulier<\/a>. <\/p>\n\n\n\n<p><\/p>\n","protected":false},"excerpt":{"rendered":"<p>Dit jaar organiseert VDSN haar jaarlijkse trainingsdag op zaterdag 29 maart in samenwerking met FEDELE (federaci\u00f3n Espa\u00f1ola de Escuelas de Espa\u00f1ol como Lengua Extranjera), die twee plenaire seminaries zullen geven en meer zullen vertellen over hun trainingen over Spaans als vreemde taal onderwijzen. Dit jaar zullen er veel prijzen voor studiereizen worden weggegeven. Inschrijven kan [&hellip;]<\/p>\n","protected":false},"author":2,"featured_media":2377,"comment_status":"closed","ping_status":"open","sticky":false,"template":"","format":"standard","meta":{"_jetpack_memberships_contains_paid_content":false,"footnotes":"","jetpack_publicize_message":"","jetpack_publicize_feature_enabled":true,"jetpack_social_post_already_shared":true,"jetpack_social_options":{"image_generator_settings":{"template":"highway","default_image_id":0,"font":"","enabled":false},"version":2}},"categories":[14,58],"tags":[23,72],"class_list":["post-2374","post","type-post","status-publish","format-standard","has-post-thumbnail","hentry","category-evenementen","category-onderwijs","tag-ele","tag-vdsn"],"jetpack_publicize_connections":[],"jetpack_featured_media_url":"https:\/\/platformspaans.nl\/wp-content\/uploads\/2025\/03\/jornada_VDSN.png","jetpack_sharing_enabled":true,"publishpress_future_action":{"enabled":false,"date":"2026-05-05 09:10:39","action":"change-status","newStatus":"draft","terms":[],"taxonomy":"category","extraData":[]},"publishpress_future_workflow_manual_trigger":{"enabledWorkflows":[]},"post_mailing_queue_ids":[],"_links":{"self":[{"href":"https:\/\/platformspaans.nl\/index.php?rest_route=\/wp\/v2\/posts\/2374","targetHints":{"allow":["GET"]}}],"collection":[{"href":"https:\/\/platformspaans.nl\/index.php?rest_route=\/wp\/v2\/posts"}],"about":[{"href":"https:\/\/platformspaans.nl\/index.php?rest_route=\/wp\/v2\/types\/post"}],"author":[{"embeddable":true,"href":"https:\/\/platformspaans.nl\/index.php?rest_route=\/wp\/v2\/users\/2"}],"replies":[{"embeddable":true,"href":"https:\/\/platformspaans.nl\/index.php?rest_route=%2Fwp%2Fv2%2Fcomments&post=2374"}],"version-history":[{"count":2,"href":"https:\/\/platformspaans.nl\/index.php?rest_route=\/wp\/v2\/posts\/2374\/revisions"}],"predecessor-version":[{"id":2378,"href":"https:\/\/platformspaans.nl\/index.php?rest_route=\/wp\/v2\/posts\/2374\/revisions\/2378"}],"wp:featuredmedia":[{"embeddable":true,"href":"https:\/\/platformspaans.nl\/index.php?rest_route=\/wp\/v2\/media\/2377"}],"wp:attachment":[{"href":"https:\/\/platformspaans.nl\/index.php?rest_route=%2Fwp%2Fv2%2Fmedia&parent=2374"}],"wp:term":[{"taxonomy":"category","embeddable":true,"href":"https:\/\/platformspaans.nl\/index.php?rest_route=%2Fwp%2Fv2%2Fcategories&post=2374"},{"taxonomy":"post_tag","embeddable":true,"href":"https:\/\/platformspaans.nl\/index.php?rest_route=%2Fwp%2Fv2%2Ftags&post=2374"}],"curies":[{"name":"wp","href":"https:\/\/api.w.org\/{rel}","templated":true}]}}