{"id":2391,"date":"2025-03-31T13:30:01","date_gmt":"2025-03-31T13:30:01","guid":{"rendered":"https:\/\/platformspaans.nl\/?p=2391"},"modified":"2025-03-28T13:30:31","modified_gmt":"2025-03-28T13:30:31","slug":"pianoconcert-claroscuros-hispanicos","status":"publish","type":"post","link":"https:\/\/platformspaans.nl\/?p=2391","title":{"rendered":"Pianoconcert: &#8216;Claroscuros Hisp\u00e1nicos&#8217;"},"content":{"rendered":"\n<p>Op donderdag 3 april brengt de Mexicaanse pianist\u00a0en dirigent Rafael Guti\u00e9rrez-V\u00e9lez in het Instituto Cervantes te Utrecht een gevarieerd programma met stukken die de muzikale expressieve meervoudigheid van de Spaanstalige wereld weergeven.\u00a0<\/p>\n\n\n\n<p>Geniet tijdens dit concert van de subtiliteit van de Catalaan Frederic Mompou, de humor en Spaanse herinneringen van de Argentijn Juan Jos\u00e9 Castro (afkomstig uit een familie van Galicische musici), de vitaliteit van de getalenteerde Mexicaanse componiste Gabriela Ortiz en de altijd actuele Franz Liszt, met zijn meest ge\u00efnspireerde en ritmische werk, de briljante &#8216;Spaanse Rapsodie&#8217;.&nbsp;<\/p>\n\n\n\n<p>Rafael Guti\u00e9rrez-V\u00e9lez heeft een gedegen opleiding (Mexico, Rusland, Engeland en Duitsland) genoten die de rijkdom van zijn artistieke persoonlijkheid weerspiegelt. Hij treedt regelmatig op op belangrijke podia, zoals &#8220;Steinway Hall en &#8220;St. Martin-in-the-Fields&#8221; in Londen, de &#8220;Rachmaninoff&#8221; zaal en het &#8220;Tchaikovsky&#8221; Conservatorium in Moskou, evenals het &#8220;Petit Palau&#8221; (Palau de la M\u00fasica Catalana) in Barcelona en de &#8220;Verbrugghen Hall&#8221; in Sydney. Hij is chef-dirigent van het G\u00f6ppinger Kammerorchester en geeft masterclasses in Duitsland, Engeland, Servi\u00eb, Mexico, Tsjechi\u00eb en Polen.<\/p>\n\n\n\n<p>Meer informatie en tickets via het <a href=\"https:\/\/cultura.cervantes.es\/utrecht\/nl\/claroscuros-hisp%c3%a1nicos\/174430\" data-type=\"link\" data-id=\"https:\/\/cultura.cervantes.es\/utrecht\/nl\/claroscuros-hisp%c3%a1nicos\/174430\" target=\"_blank\" rel=\"noreferrer noopener\">Instituto Cervantes Utrecht<\/a>. <\/p>\n","protected":false},"excerpt":{"rendered":"<p>Op donderdag 3 april brengt de Mexicaanse pianist\u00a0en dirigent Rafael Guti\u00e9rrez-V\u00e9lez in het Instituto Cervantes te Utrecht een gevarieerd programma met stukken die de muzikale expressieve meervoudigheid van de Spaanstalige wereld weergeven.\u00a0 Geniet tijdens dit concert van de subtiliteit van de Catalaan Frederic Mompou, de humor en Spaanse herinneringen van de Argentijn Juan Jos\u00e9 Castro [&hellip;]<\/p>\n","protected":false},"author":2,"featured_media":2392,"comment_status":"closed","ping_status":"open","sticky":false,"template":"","format":"standard","meta":{"_jetpack_memberships_contains_paid_content":false,"footnotes":"","jetpack_publicize_message":"","jetpack_publicize_feature_enabled":true,"jetpack_social_post_already_shared":true,"jetpack_social_options":{"image_generator_settings":{"template":"highway","default_image_id":0,"font":"","enabled":false},"version":2}},"categories":[14],"tags":[75,20,78],"class_list":["post-2391","post","type-post","status-publish","format-standard","has-post-thumbnail","hentry","category-evenementen","tag-concert","tag-instituto-cervantes","tag-muziek"],"jetpack_publicize_connections":[],"jetpack_featured_media_url":"https:\/\/platformspaans.nl\/wp-content\/uploads\/2025\/03\/claroscuro_PS.png","jetpack_sharing_enabled":true,"publishpress_future_action":{"enabled":false,"date":"2026-05-05 09:07:37","action":"change-status","newStatus":"draft","terms":[],"taxonomy":"category","extraData":[]},"publishpress_future_workflow_manual_trigger":{"enabledWorkflows":[]},"post_mailing_queue_ids":[],"_links":{"self":[{"href":"https:\/\/platformspaans.nl\/index.php?rest_route=\/wp\/v2\/posts\/2391","targetHints":{"allow":["GET"]}}],"collection":[{"href":"https:\/\/platformspaans.nl\/index.php?rest_route=\/wp\/v2\/posts"}],"about":[{"href":"https:\/\/platformspaans.nl\/index.php?rest_route=\/wp\/v2\/types\/post"}],"author":[{"embeddable":true,"href":"https:\/\/platformspaans.nl\/index.php?rest_route=\/wp\/v2\/users\/2"}],"replies":[{"embeddable":true,"href":"https:\/\/platformspaans.nl\/index.php?rest_route=%2Fwp%2Fv2%2Fcomments&post=2391"}],"version-history":[{"count":1,"href":"https:\/\/platformspaans.nl\/index.php?rest_route=\/wp\/v2\/posts\/2391\/revisions"}],"predecessor-version":[{"id":2393,"href":"https:\/\/platformspaans.nl\/index.php?rest_route=\/wp\/v2\/posts\/2391\/revisions\/2393"}],"wp:featuredmedia":[{"embeddable":true,"href":"https:\/\/platformspaans.nl\/index.php?rest_route=\/wp\/v2\/media\/2392"}],"wp:attachment":[{"href":"https:\/\/platformspaans.nl\/index.php?rest_route=%2Fwp%2Fv2%2Fmedia&parent=2391"}],"wp:term":[{"taxonomy":"category","embeddable":true,"href":"https:\/\/platformspaans.nl\/index.php?rest_route=%2Fwp%2Fv2%2Fcategories&post=2391"},{"taxonomy":"post_tag","embeddable":true,"href":"https:\/\/platformspaans.nl\/index.php?rest_route=%2Fwp%2Fv2%2Ftags&post=2391"}],"curies":[{"name":"wp","href":"https:\/\/api.w.org\/{rel}","templated":true}]}}