{"id":2428,"date":"2025-05-23T10:30:00","date_gmt":"2025-05-23T10:30:00","guid":{"rendered":"https:\/\/platformspaans.nl\/?p=2428"},"modified":"2025-05-30T09:40:37","modified_gmt":"2025-05-30T09:40:37","slug":"lezing-el-fenomeno-de-las-maras-en-el-salvador","status":"publish","type":"post","link":"https:\/\/platformspaans.nl\/?p=2428","title":{"rendered":"Lezing: El fen\u00f3meno de las Maras en El Salvador"},"content":{"rendered":"\n<p>Op 25 mei vindt er een lezing plaats door Ana Reyes over Las Maras, een bende die op internationale schaal opereert en zich bezighoudt met drugshandel, afpersing, wapensmokkel, ontvoering, beroving en huurmoorden. De bende komt oorspronkelijk uit Los Angeles en is momenteel actief in heel Centraal-Amerika. De meeste leden zijn Salvadoranen, Guatemalteken en Hondurezen. In El Salvador hebben ze de meeste invloed.<\/p>\n\n\n\n<p>Ana Reyes is Hondurees van geboorte, maar heeft nu de Britse nationaliteit. Ze studeerde Spaanse taalkunde aan de Universidad Jos\u00e9 Sime\u00f3n Ca\u00f1as in El Salvador en voltooide haar Master in Madrid. Ana heeft ook praktische kennis van het onderwerp: ze liep stage in een diaconie waar ze werkte met gevangengenomen leden van las Maras.<br><br>Praktische informatie<\/p>\n\n\n\n<p>Zondag 25 mei, 15.00 uur<br>Locatie: Art Singel 100, Singel 100 1015 AD Amsterdam<br>Toegang: 7 euro<br>Graag aanwezigheid bevestigen <a href=\"secretario@asociacioneae-amsterdam.nl\" data-type=\"link\" data-id=\"secretario@asociacioneae-amsterdam.nl\">per mail<\/a>.<\/p>\n\n\n\n<p><\/p>\n","protected":false},"excerpt":{"rendered":"<p>Op 25 mei vindt er een lezing plaats door Ana Reyes over Las Maras, een bende die op internationale schaal opereert en zich bezighoudt met drugshandel, afpersing, wapensmokkel, ontvoering, beroving en huurmoorden. De bende komt oorspronkelijk uit Los Angeles en is momenteel actief in heel Centraal-Amerika. De meeste leden zijn Salvadoranen, Guatemalteken en Hondurezen. In [&hellip;]<\/p>\n","protected":false},"author":2,"featured_media":0,"comment_status":"closed","ping_status":"open","sticky":false,"template":"","format":"standard","meta":{"_jetpack_memberships_contains_paid_content":false,"footnotes":"","jetpack_publicize_message":"","jetpack_publicize_feature_enabled":true,"jetpack_social_post_already_shared":true,"jetpack_social_options":{"image_generator_settings":{"template":"highway","default_image_id":0,"font":"","enabled":false},"version":2}},"categories":[12],"tags":[56,106,72],"class_list":["post-2428","post","type-post","status-publish","format-standard","hentry","category-congressen-en-lezingen","tag-congressenenlezingen","tag-latijns-amerika","tag-vdsn"],"jetpack_publicize_connections":[],"jetpack_featured_media_url":"","jetpack_sharing_enabled":true,"publishpress_future_action":{"enabled":false,"date":"2026-05-05 07:27:40","action":"change-status","newStatus":"draft","terms":[],"taxonomy":"category","extraData":[]},"publishpress_future_workflow_manual_trigger":{"enabledWorkflows":[]},"post_mailing_queue_ids":[],"_links":{"self":[{"href":"https:\/\/platformspaans.nl\/index.php?rest_route=\/wp\/v2\/posts\/2428","targetHints":{"allow":["GET"]}}],"collection":[{"href":"https:\/\/platformspaans.nl\/index.php?rest_route=\/wp\/v2\/posts"}],"about":[{"href":"https:\/\/platformspaans.nl\/index.php?rest_route=\/wp\/v2\/types\/post"}],"author":[{"embeddable":true,"href":"https:\/\/platformspaans.nl\/index.php?rest_route=\/wp\/v2\/users\/2"}],"replies":[{"embeddable":true,"href":"https:\/\/platformspaans.nl\/index.php?rest_route=%2Fwp%2Fv2%2Fcomments&post=2428"}],"version-history":[{"count":3,"href":"https:\/\/platformspaans.nl\/index.php?rest_route=\/wp\/v2\/posts\/2428\/revisions"}],"predecessor-version":[{"id":2435,"href":"https:\/\/platformspaans.nl\/index.php?rest_route=\/wp\/v2\/posts\/2428\/revisions\/2435"}],"wp:attachment":[{"href":"https:\/\/platformspaans.nl\/index.php?rest_route=%2Fwp%2Fv2%2Fmedia&parent=2428"}],"wp:term":[{"taxonomy":"category","embeddable":true,"href":"https:\/\/platformspaans.nl\/index.php?rest_route=%2Fwp%2Fv2%2Fcategories&post=2428"},{"taxonomy":"post_tag","embeddable":true,"href":"https:\/\/platformspaans.nl\/index.php?rest_route=%2Fwp%2Fv2%2Ftags&post=2428"}],"curies":[{"name":"wp","href":"https:\/\/api.w.org\/{rel}","templated":true}]}}