{"id":989,"date":"2022-02-03T10:51:26","date_gmt":"2022-02-03T10:51:26","guid":{"rendered":"https:\/\/platformspaans.nl\/?p=989"},"modified":"2022-04-29T20:34:55","modified_gmt":"2022-04-29T20:34:55","slug":"promotie-marileen-la-haije","status":"publish","type":"post","link":"https:\/\/platformspaans.nl\/?p=989","title":{"rendered":"Promotie Marileen La Haije"},"content":{"rendered":"<style>.wp-block-kadence-advancedheading.kt-adv-heading_99b16c-4c, .wp-block-kadence-advancedheading.kt-adv-heading_99b16c-4c[data-kb-block=\"kb-adv-heading_99b16c-4c\"]{font-style:normal;}.wp-block-kadence-advancedheading.kt-adv-heading_99b16c-4c mark.kt-highlight, .wp-block-kadence-advancedheading.kt-adv-heading_99b16c-4c[data-kb-block=\"kb-adv-heading_99b16c-4c\"] mark.kt-highlight{font-style:normal;color:#f76a0c;-webkit-box-decoration-break:clone;box-decoration-break:clone;padding-top:0px;padding-right:0px;padding-bottom:0px;padding-left:0px;}.wp-block-kadence-advancedheading.kt-adv-heading_99b16c-4c img.kb-inline-image, .wp-block-kadence-advancedheading.kt-adv-heading_99b16c-4c[data-kb-block=\"kb-adv-heading_99b16c-4c\"] img.kb-inline-image{width:150px;vertical-align:baseline;}<\/style>\n<p class=\"kt-adv-heading_99b16c-4c wp-block-kadence-advancedheading\" data-kb-block=\"kb-adv-heading_99b16c-4c\">Marileen La Haije promoveert op maandag 8 februari, 2021 aan de Radboud Universiteit. Ze verdedigt die dag om 16:30 haar proefschrift \u201cMemorias locas: Una lectura de la ficci\u00f3n centroamericana (de los a\u00f1os noventa a la actualidad) desde la conexi\u00f3n entre locura y trauma\u201d.<\/p>\n\n\n<style>.wp-block-kadence-advancedheading.kt-adv-heading_b7c8cd-f1, .wp-block-kadence-advancedheading.kt-adv-heading_b7c8cd-f1[data-kb-block=\"kb-adv-heading_b7c8cd-f1\"]{font-style:normal;}.wp-block-kadence-advancedheading.kt-adv-heading_b7c8cd-f1 mark.kt-highlight, .wp-block-kadence-advancedheading.kt-adv-heading_b7c8cd-f1[data-kb-block=\"kb-adv-heading_b7c8cd-f1\"] mark.kt-highlight{font-style:normal;color:#f76a0c;-webkit-box-decoration-break:clone;box-decoration-break:clone;padding-top:0px;padding-right:0px;padding-bottom:0px;padding-left:0px;}.wp-block-kadence-advancedheading.kt-adv-heading_b7c8cd-f1 img.kb-inline-image, .wp-block-kadence-advancedheading.kt-adv-heading_b7c8cd-f1[data-kb-block=\"kb-adv-heading_b7c8cd-f1\"] img.kb-inline-image{width:150px;vertical-align:baseline;}<\/style>\n<p class=\"kt-adv-heading_b7c8cd-f1 wp-block-kadence-advancedheading\" data-kb-block=\"kb-adv-heading_b7c8cd-f1\">In haar proefschrift analyseert Marileen de relatie tussen waanzin en trauma in een divers corpus van Centraal-Amerikaanse romans en korte verhalen over (na)oorlogs geweld. Op theoretisch niveau verbindt ze verschillende disciplinaire perspectieven op waanzin en trauma (o.a. literatuur- en cultuurwetenschappen, filosofie, geschiedenis, psychologie en anthropologie).<\/p>\n\n\n<style>.wp-block-kadence-advancedheading.kt-adv-heading_7e3505-c6, .wp-block-kadence-advancedheading.kt-adv-heading_7e3505-c6[data-kb-block=\"kb-adv-heading_7e3505-c6\"]{font-style:normal;}.wp-block-kadence-advancedheading.kt-adv-heading_7e3505-c6 mark.kt-highlight, .wp-block-kadence-advancedheading.kt-adv-heading_7e3505-c6[data-kb-block=\"kb-adv-heading_7e3505-c6\"] mark.kt-highlight{font-style:normal;color:#f76a0c;-webkit-box-decoration-break:clone;box-decoration-break:clone;padding-top:0px;padding-right:0px;padding-bottom:0px;padding-left:0px;}.wp-block-kadence-advancedheading.kt-adv-heading_7e3505-c6 img.kb-inline-image, .wp-block-kadence-advancedheading.kt-adv-heading_7e3505-c6[data-kb-block=\"kb-adv-heading_7e3505-c6\"] img.kb-inline-image{width:150px;vertical-align:baseline;}<\/style>\n<p class=\"kt-adv-heading_7e3505-c6 wp-block-kadence-advancedheading\" data-kb-block=\"kb-adv-heading_7e3505-c6\">Haar promotie kan via een livestream worden bijgewoond via <a href=\"https:\/\/www.ru.nl\/over-ons\/diensten-faciliteiten\/vm\/aula\/livestream\/livestream-academiezaal\/\" target=\"_blank\" rel=\"noreferrer noopener\">deze link.<\/a><\/p>\n\n\n\n<p><\/p>\n","protected":false},"excerpt":{"rendered":"<p>Marileen La Haije promoveert op maandag 8 februari, 2021 aan de Radboud Universiteit. Ze verdedigt die dag om 16:30 haar proefschrift \u201cMemorias locas: Una lectura de la ficci\u00f3n centroamericana (de los a\u00f1os noventa a la actualidad) desde la conexi\u00f3n entre locura y trauma\u201d. In haar proefschrift analyseert Marileen de relatie tussen waanzin en trauma in [&hellip;]<\/p>\n","protected":false},"author":2,"featured_media":779,"comment_status":"closed","ping_status":"open","sticky":false,"template":"","format":"standard","meta":{"_jetpack_memberships_contains_paid_content":false,"footnotes":"","jetpack_publicize_message":"","jetpack_publicize_feature_enabled":true,"jetpack_social_post_already_shared":false,"jetpack_social_options":{"image_generator_settings":{"template":"highway","default_image_id":0,"font":"","enabled":false},"version":2}},"categories":[16],"tags":[],"class_list":["post-989","post","type-post","status-publish","format-standard","has-post-thumbnail","hentry","category-archief"],"jetpack_publicize_connections":[],"jetpack_featured_media_url":"https:\/\/platformspaans.nl\/wp-content\/uploads\/2021\/11\/RadboudUniversiteit.jpg","jetpack_sharing_enabled":true,"publishpress_future_action":{"enabled":false,"date":"2026-05-05 07:24:40","action":"change-status","newStatus":"draft","terms":[],"taxonomy":"category","extraData":[]},"publishpress_future_workflow_manual_trigger":{"enabledWorkflows":[]},"post_mailing_queue_ids":[],"_links":{"self":[{"href":"https:\/\/platformspaans.nl\/index.php?rest_route=\/wp\/v2\/posts\/989","targetHints":{"allow":["GET"]}}],"collection":[{"href":"https:\/\/platformspaans.nl\/index.php?rest_route=\/wp\/v2\/posts"}],"about":[{"href":"https:\/\/platformspaans.nl\/index.php?rest_route=\/wp\/v2\/types\/post"}],"author":[{"embeddable":true,"href":"https:\/\/platformspaans.nl\/index.php?rest_route=\/wp\/v2\/users\/2"}],"replies":[{"embeddable":true,"href":"https:\/\/platformspaans.nl\/index.php?rest_route=%2Fwp%2Fv2%2Fcomments&post=989"}],"version-history":[{"count":5,"href":"https:\/\/platformspaans.nl\/index.php?rest_route=\/wp\/v2\/posts\/989\/revisions"}],"predecessor-version":[{"id":1004,"href":"https:\/\/platformspaans.nl\/index.php?rest_route=\/wp\/v2\/posts\/989\/revisions\/1004"}],"wp:featuredmedia":[{"embeddable":true,"href":"https:\/\/platformspaans.nl\/index.php?rest_route=\/wp\/v2\/media\/779"}],"wp:attachment":[{"href":"https:\/\/platformspaans.nl\/index.php?rest_route=%2Fwp%2Fv2%2Fmedia&parent=989"}],"wp:term":[{"taxonomy":"category","embeddable":true,"href":"https:\/\/platformspaans.nl\/index.php?rest_route=%2Fwp%2Fv2%2Fcategories&post=989"},{"taxonomy":"post_tag","embeddable":true,"href":"https:\/\/platformspaans.nl\/index.php?rest_route=%2Fwp%2Fv2%2Ftags&post=989"}],"curies":[{"name":"wp","href":"https:\/\/api.w.org\/{rel}","templated":true}]}}